{"id":1180,"date":"2023-08-31T10:26:31","date_gmt":"2023-08-31T08:26:31","guid":{"rendered":"https:\/\/www.lenstore.es\/cuidado-de-ojos\/?p=1180"},"modified":"2023-10-13T15:50:10","modified_gmt":"2023-10-13T13:50:10","slug":"persona-notable-en-el-cuidado-ocular-adolf-fick","status":"publish","type":"post","link":"https:\/\/www.lenstore.es\/cuidado-de-ojos\/persona-notable-en-el-cuidado-ocular-adolf-fick","title":{"rendered":"Persona notable en el cuidado ocular \u2013 Adolf Fick\u00a0\u00a0"},"content":{"rendered":"\n<figure class=\"wp-block-image size-full\"><img loading=\"lazy\" decoding=\"async\" width=\"770\" height=\"480\" src=\"https:\/\/www.lenstore.es\/cuidado-de-ojos\/wp-content\/uploads\/sites\/4\/2023\/08\/Adolf-Fick-Notable-figures-hero-image.jpg\" alt=\"\" class=\"wp-image-1181\" srcset=\"https:\/\/www.lenstore.es\/cuidado-de-ojos\/wp-content\/uploads\/sites\/4\/2023\/08\/Adolf-Fick-Notable-figures-hero-image.jpg 770w, https:\/\/www.lenstore.es\/cuidado-de-ojos\/wp-content\/uploads\/sites\/4\/2023\/08\/Adolf-Fick-Notable-figures-hero-image-300x187.jpg 300w, https:\/\/www.lenstore.es\/cuidado-de-ojos\/wp-content\/uploads\/sites\/4\/2023\/08\/Adolf-Fick-Notable-figures-hero-image-768x479.jpg 768w\" sizes=\"auto, (max-width: 770px) 100vw, 770px\" \/><\/figure>\n\n\n\n<h3 class=\"wp-block-heading has-regular-font-size\"><strong>Adolf Gaston Eugen Fick \u2013 (1852 &#8211; 1937)\u00a0\u00a0<\/strong><\/h3>\n\n\n\n<p>Adolf Gaston Eugen Fick fue un oftalm\u00f3logo que fue una figura crucial en el desarrollo de las lentillas. Nacido en Marburg, Alemania, en 1852, Fick tuvo unos comienzos algo desafortunados en la vida ya que sus dos padres fallecieron antes de su sexto cumplea\u00f1os. Tras el fallecimiento de su madre y su padre, fue criado por su t\u00edo, cuyo nombre compart\u00eda&nbsp; \u2013 Adolf Eugen Fick, un respetado m\u00e9dico, psic\u00f3logo y cardi\u00f3logo de la \u00e9poca.&nbsp;<\/p>\n\n\n\n<p>Bajo la tutela de su t\u00edo, Adolf Fick (sobrino) se decidi\u00f3 a estudiar Medicina y Anatom\u00eda en Alemania y Suiza, adquiriendo su doctorado en 1875. Entonces, Fick emigr\u00f3 a Sud\u00e1frica, donde abri\u00f3 y trabaj\u00f3 en un consultorio m\u00e9dico durante siete a\u00f1os. A\u00f1oraba su tierra, por lo que en 1886 volvi\u00f3 a Alemania y se cas\u00f3 con Marie Wislicenus, hija del conocido qu\u00edmico Johannes Wislicenus. La pareja se mud\u00f3 a Suiza, donde Fick ejerci\u00f3 como m\u00e9dico privado y profesor en la Universidad de Z\u00farich desde 1887 a 1914.&nbsp;&nbsp;<\/p>\n\n\n\n<p>Tras el estallido de la Primera Guerra Mundial, Fick se apunt\u00f3 como voluntario para trabajar en primera l\u00ednea de batalla en hospitales alrededor de Europa, a la vez que avanzaba en sus estudios de oftalmolog\u00eda y visi\u00f3n. En 1937, Adolf Gaston Eugen Fick falleci\u00f3 pac\u00edficamente a la edad de 84 a\u00f1os.&nbsp;<\/p>\n\n\n\n<h2 class=\"wp-block-heading has-larger-font-size\">Las contribuciones de Adolf Fick al cuidado ocular&nbsp;<\/h2>\n\n\n\n<ul class=\"wp-block-list\">\n<li>En 1888, Adolf Fick construy\u00f3 su primer modelo de lente escleral al crear una lente en forma de concha hecha de vidrio soplado para corregir errores refractivos&nbsp;&nbsp;<\/li>\n\n\n\n<li>Realiz\u00f3 ensayos con el primer dise\u00f1o de lentillas al colocarlo en el tejido menos sensible de alrededor de la c\u00f3rnea. Primero en conejos, despu\u00e9s en \u00e9l mismo, y por \u00faltimo en un grupo de colegas que quisieron probarlas&nbsp;<\/li>\n\n\n\n<li>Fick public\u00f3 sus hallazgos bajo el t\u00edtulo \u2018Contactbrille\u2019 en una reconocida revista m\u00e9dica, describiendo el primero uso cl\u00ednico de lentillas&nbsp;<\/li>\n<\/ul>\n\n\n\n<h3 class=\"wp-block-heading\">\u00daltimas palabras&nbsp;<\/h3>\n\n\n\n<p>Adolf Gaston Eugen Fick es considerado el inventor de las primeras lentillas de verdad. Aunque era inviable usarlas por m\u00e1s de unas cuantas horas debido a su peso y tama\u00f1o, el trabajo de Fick inspir\u00f3 a otros innovadores en el campo \u00f3ptico a hacer progresos en el dise\u00f1o de las lentillas. De manera m\u00e1s notable, William Feinbloom, quien cre\u00f3 unas lentillas m\u00e1s ligeras en peso y m\u00e1s c\u00f3modas usando un h\u00edbrido de vidrio y pl\u00e1stico.&nbsp;&nbsp;<\/p>\n","protected":false},"excerpt":{"rendered":"<p>Adolf Gaston Eugen Fick \u2013 (1852 &#8211; 1937)\u00a0\u00a0 Adolf Gaston Eugen Fick fue un oftalm\u00f3logo [&hellip;]<\/p>\n","protected":false},"author":20,"featured_media":1181,"comment_status":"closed","ping_status":"closed","sticky":false,"template":"","format":"standard","meta":{"footnotes":""},"categories":[11],"tags":[],"class_list":["post-1180","post","type-post","status-publish","format-standard","has-post-thumbnail","hentry","category-entretenimiento-y-cultura"],"yoast_head":"<!-- This site is optimized with the Yoast SEO plugin v27.0 - https:\/\/yoast.com\/product\/yoast-seo-wordpress\/ -->\n<title>Persona notable en el cuidado ocular \u2013 Adolf Fick\u00a0\u00a0 - Lenstore<\/title>\n<meta name=\"description\" content=\"Adolf Gaston Eugen Fick fue un oftalm\u00f3logo que fue una figura crucial en el desarrollo de las lentillas de contacto\" \/>\n<meta name=\"robots\" content=\"index, follow, max-snippet:-1, max-image-preview:large, max-video-preview:-1\" \/>\n<link rel=\"canonical\" href=\"https:\/\/www.lenstore.es\/cuidado-de-ojos\/persona-notable-en-el-cuidado-ocular-adolf-fick\" \/>\n<meta property=\"og:locale\" content=\"es_ES\" \/>\n<meta property=\"og:type\" content=\"article\" \/>\n<meta property=\"og:title\" content=\"Persona notable en el cuidado ocular \u2013 Adolf Fick\u00a0\u00a0 - Lenstore\" \/>\n<meta property=\"og:description\" content=\"Adolf Gaston Eugen Fick fue un oftalm\u00f3logo que fue una figura crucial en el desarrollo de las lentillas de contacto\" \/>\n<meta property=\"og:url\" content=\"https:\/\/www.lenstore.es\/cuidado-de-ojos\/persona-notable-en-el-cuidado-ocular-adolf-fick\" \/>\n<meta property=\"og:site_name\" content=\"Lenstore\" \/>\n<meta property=\"article:published_time\" content=\"2023-08-31T08:26:31+00:00\" \/>\n<meta property=\"article:modified_time\" content=\"2023-10-13T13:50:10+00:00\" \/>\n<meta property=\"og:image\" content=\"https:\/\/www.lenstore.es\/cuidado-de-ojos\/wp-content\/uploads\/sites\/4\/2023\/08\/Adolf-Fick-Notable-figures-hero-image.jpg\" \/>\n\t<meta property=\"og:image:width\" content=\"770\" \/>\n\t<meta property=\"og:image:height\" content=\"480\" \/>\n\t<meta property=\"og:image:type\" content=\"image\/jpeg\" \/>\n<meta name=\"author\" content=\"Andrea Di Quattro\" \/>\n<meta name=\"twitter:card\" content=\"summary_large_image\" \/>\n<meta name=\"twitter:label1\" content=\"Escrito por\" \/>\n\t<meta name=\"twitter:data1\" content=\"Andrea Di Quattro\" \/>\n\t<meta name=\"twitter:label2\" content=\"Tiempo de lectura\" \/>\n\t<meta name=\"twitter:data2\" content=\"2 minutos\" \/>\n<script type=\"application\/ld+json\" class=\"yoast-schema-graph\">{\"@context\":\"https:\/\/schema.org\",\"@graph\":[{\"@type\":\"Article\",\"@id\":\"https:\/\/www.lenstore.es\/cuidado-de-ojos\/persona-notable-en-el-cuidado-ocular-adolf-fick#article\",\"isPartOf\":{\"@id\":\"https:\/\/www.lenstore.es\/cuidado-de-ojos\/persona-notable-en-el-cuidado-ocular-adolf-fick\"},\"author\":{\"name\":\"Andrea Di Quattro\",\"@id\":\"https:\/\/www.lenstore.es\/cuidado-de-ojos\/#\/schema\/person\/4bc7287e4de0b0d0c4dbb2b6cf3a3a54\"},\"headline\":\"Persona notable en el cuidado ocular \u2013 Adolf Fick\u00a0\u00a0\",\"datePublished\":\"2023-08-31T08:26:31+00:00\",\"dateModified\":\"2023-10-13T13:50:10+00:00\",\"mainEntityOfPage\":{\"@id\":\"https:\/\/www.lenstore.es\/cuidado-de-ojos\/persona-notable-en-el-cuidado-ocular-adolf-fick\"},\"wordCount\":435,\"publisher\":{\"@id\":\"https:\/\/www.lenstore.es\/cuidado-de-ojos\/#organization\"},\"image\":{\"@id\":\"https:\/\/www.lenstore.es\/cuidado-de-ojos\/persona-notable-en-el-cuidado-ocular-adolf-fick#primaryimage\"},\"thumbnailUrl\":\"https:\/\/www.lenstore.es\/cuidado-de-ojos\/wp-content\/uploads\/sites\/4\/2023\/08\/Adolf-Fick-Notable-figures-hero-image.jpg\",\"articleSection\":[\"Curiosidad y diversi\u00f3n\"],\"inLanguage\":\"es\"},{\"@type\":\"WebPage\",\"@id\":\"https:\/\/www.lenstore.es\/cuidado-de-ojos\/persona-notable-en-el-cuidado-ocular-adolf-fick\",\"url\":\"https:\/\/www.lenstore.es\/cuidado-de-ojos\/persona-notable-en-el-cuidado-ocular-adolf-fick\",\"name\":\"Persona notable en el cuidado ocular \u2013 Adolf Fick\u00a0\u00a0 - Lenstore\",\"isPartOf\":{\"@id\":\"https:\/\/www.lenstore.es\/cuidado-de-ojos\/#website\"},\"primaryImageOfPage\":{\"@id\":\"https:\/\/www.lenstore.es\/cuidado-de-ojos\/persona-notable-en-el-cuidado-ocular-adolf-fick#primaryimage\"},\"image\":{\"@id\":\"https:\/\/www.lenstore.es\/cuidado-de-ojos\/persona-notable-en-el-cuidado-ocular-adolf-fick#primaryimage\"},\"thumbnailUrl\":\"https:\/\/www.lenstore.es\/cuidado-de-ojos\/wp-content\/uploads\/sites\/4\/2023\/08\/Adolf-Fick-Notable-figures-hero-image.jpg\",\"datePublished\":\"2023-08-31T08:26:31+00:00\",\"dateModified\":\"2023-10-13T13:50:10+00:00\",\"description\":\"Adolf Gaston Eugen Fick fue un oftalm\u00f3logo que fue una figura crucial en el desarrollo de las lentillas de contacto\",\"breadcrumb\":{\"@id\":\"https:\/\/www.lenstore.es\/cuidado-de-ojos\/persona-notable-en-el-cuidado-ocular-adolf-fick#breadcrumb\"},\"inLanguage\":\"es\",\"potentialAction\":[{\"@type\":\"ReadAction\",\"target\":[\"https:\/\/www.lenstore.es\/cuidado-de-ojos\/persona-notable-en-el-cuidado-ocular-adolf-fick\"]}]},{\"@type\":\"ImageObject\",\"inLanguage\":\"es\",\"@id\":\"https:\/\/www.lenstore.es\/cuidado-de-ojos\/persona-notable-en-el-cuidado-ocular-adolf-fick#primaryimage\",\"url\":\"https:\/\/www.lenstore.es\/cuidado-de-ojos\/wp-content\/uploads\/sites\/4\/2023\/08\/Adolf-Fick-Notable-figures-hero-image.jpg\",\"contentUrl\":\"https:\/\/www.lenstore.es\/cuidado-de-ojos\/wp-content\/uploads\/sites\/4\/2023\/08\/Adolf-Fick-Notable-figures-hero-image.jpg\",\"width\":770,\"height\":480},{\"@type\":\"BreadcrumbList\",\"@id\":\"https:\/\/www.lenstore.es\/cuidado-de-ojos\/persona-notable-en-el-cuidado-ocular-adolf-fick#breadcrumb\",\"itemListElement\":[{\"@type\":\"ListItem\",\"position\":1,\"name\":\"Home\",\"item\":\"https:\/\/www.lenstore.es\/cuidado-de-ojos\"},{\"@type\":\"ListItem\",\"position\":2,\"name\":\"Persona notable en el cuidado ocular \u2013 Adolf Fick\u00a0\u00a0\"}]},{\"@type\":\"WebSite\",\"@id\":\"https:\/\/www.lenstore.es\/cuidado-de-ojos\/#website\",\"url\":\"https:\/\/www.lenstore.es\/cuidado-de-ojos\/\",\"name\":\"Lenstore\",\"description\":\"Gu\u00eda para lentillas | Salud | Estilo de vida\",\"publisher\":{\"@id\":\"https:\/\/www.lenstore.es\/cuidado-de-ojos\/#organization\"},\"potentialAction\":[{\"@type\":\"SearchAction\",\"target\":{\"@type\":\"EntryPoint\",\"urlTemplate\":\"https:\/\/www.lenstore.es\/cuidado-de-ojos\/?s={search_term_string}\"},\"query-input\":{\"@type\":\"PropertyValueSpecification\",\"valueRequired\":true,\"valueName\":\"search_term_string\"}}],\"inLanguage\":\"es\"},{\"@type\":\"Organization\",\"@id\":\"https:\/\/www.lenstore.es\/#organization\",\"name\":\"Lenstore\",\"url\":\"https:\/\/www.lenstore.es\/\",\"logo\":\"https:\/\/www.lenstore.es\/png\/lenstore-logo.png\",\"image\":\"https:\/\/www.lenstore.es\/png\/lenstore-logo.png\",\"companyRegistration\":\"51990\",\"contactPoint\":{\"@type\":\"ContactPoint\",\"contactType\":\"customer service\",\"telephone\":\"936 061 001\",\"email\":\"ayuda@lenstore.es\"}},{\"@type\":\"Person\",\"@id\":\"https:\/\/www.lenstore.es\/cuidado-de-ojos\/#\/schema\/person\/4bc7287e4de0b0d0c4dbb2b6cf3a3a54\",\"name\":\"Andrea Di Quattro\",\"url\":\"https:\/\/www.lenstore.es\/cuidado-de-ojos\/author\/andreadiquattro\"}]}<\/script>\n<!-- \/ Yoast SEO plugin. -->","yoast_head_json":{"title":"Persona notable en el cuidado ocular \u2013 Adolf Fick\u00a0\u00a0 - Lenstore","description":"Adolf Gaston Eugen Fick fue un oftalm\u00f3logo que fue una figura crucial en el desarrollo de las lentillas de contacto","robots":{"index":"index","follow":"follow","max-snippet":"max-snippet:-1","max-image-preview":"max-image-preview:large","max-video-preview":"max-video-preview:-1"},"canonical":"https:\/\/www.lenstore.es\/cuidado-de-ojos\/persona-notable-en-el-cuidado-ocular-adolf-fick","og_locale":"es_ES","og_type":"article","og_title":"Persona notable en el cuidado ocular \u2013 Adolf Fick\u00a0\u00a0 - Lenstore","og_description":"Adolf Gaston Eugen Fick fue un oftalm\u00f3logo que fue una figura crucial en el desarrollo de las lentillas de contacto","og_url":"https:\/\/www.lenstore.es\/cuidado-de-ojos\/persona-notable-en-el-cuidado-ocular-adolf-fick","og_site_name":"Lenstore","article_published_time":"2023-08-31T08:26:31+00:00","article_modified_time":"2023-10-13T13:50:10+00:00","og_image":[{"width":770,"height":480,"url":"https:\/\/www.lenstore.es\/cuidado-de-ojos\/wp-content\/uploads\/sites\/4\/2023\/08\/Adolf-Fick-Notable-figures-hero-image.jpg","type":"image\/jpeg"}],"author":"Andrea Di Quattro","twitter_card":"summary_large_image","twitter_misc":{"Escrito por":"Andrea Di Quattro","Tiempo de lectura":"2 minutos"},"schema":{"@context":"https:\/\/schema.org","@graph":[{"@type":"Article","@id":"https:\/\/www.lenstore.es\/cuidado-de-ojos\/persona-notable-en-el-cuidado-ocular-adolf-fick#article","isPartOf":{"@id":"https:\/\/www.lenstore.es\/cuidado-de-ojos\/persona-notable-en-el-cuidado-ocular-adolf-fick"},"author":{"name":"Andrea Di Quattro","@id":"https:\/\/www.lenstore.es\/cuidado-de-ojos\/#\/schema\/person\/4bc7287e4de0b0d0c4dbb2b6cf3a3a54"},"headline":"Persona notable en el cuidado ocular \u2013 Adolf Fick\u00a0\u00a0","datePublished":"2023-08-31T08:26:31+00:00","dateModified":"2023-10-13T13:50:10+00:00","mainEntityOfPage":{"@id":"https:\/\/www.lenstore.es\/cuidado-de-ojos\/persona-notable-en-el-cuidado-ocular-adolf-fick"},"wordCount":435,"publisher":{"@id":"https:\/\/www.lenstore.es\/cuidado-de-ojos\/#organization"},"image":{"@id":"https:\/\/www.lenstore.es\/cuidado-de-ojos\/persona-notable-en-el-cuidado-ocular-adolf-fick#primaryimage"},"thumbnailUrl":"https:\/\/www.lenstore.es\/cuidado-de-ojos\/wp-content\/uploads\/sites\/4\/2023\/08\/Adolf-Fick-Notable-figures-hero-image.jpg","articleSection":["Curiosidad y diversi\u00f3n"],"inLanguage":"es"},{"@type":"WebPage","@id":"https:\/\/www.lenstore.es\/cuidado-de-ojos\/persona-notable-en-el-cuidado-ocular-adolf-fick","url":"https:\/\/www.lenstore.es\/cuidado-de-ojos\/persona-notable-en-el-cuidado-ocular-adolf-fick","name":"Persona notable en el cuidado ocular \u2013 Adolf Fick\u00a0\u00a0 - Lenstore","isPartOf":{"@id":"https:\/\/www.lenstore.es\/cuidado-de-ojos\/#website"},"primaryImageOfPage":{"@id":"https:\/\/www.lenstore.es\/cuidado-de-ojos\/persona-notable-en-el-cuidado-ocular-adolf-fick#primaryimage"},"image":{"@id":"https:\/\/www.lenstore.es\/cuidado-de-ojos\/persona-notable-en-el-cuidado-ocular-adolf-fick#primaryimage"},"thumbnailUrl":"https:\/\/www.lenstore.es\/cuidado-de-ojos\/wp-content\/uploads\/sites\/4\/2023\/08\/Adolf-Fick-Notable-figures-hero-image.jpg","datePublished":"2023-08-31T08:26:31+00:00","dateModified":"2023-10-13T13:50:10+00:00","description":"Adolf Gaston Eugen Fick fue un oftalm\u00f3logo que fue una figura crucial en el desarrollo de las lentillas de contacto","breadcrumb":{"@id":"https:\/\/www.lenstore.es\/cuidado-de-ojos\/persona-notable-en-el-cuidado-ocular-adolf-fick#breadcrumb"},"inLanguage":"es","potentialAction":[{"@type":"ReadAction","target":["https:\/\/www.lenstore.es\/cuidado-de-ojos\/persona-notable-en-el-cuidado-ocular-adolf-fick"]}]},{"@type":"ImageObject","inLanguage":"es","@id":"https:\/\/www.lenstore.es\/cuidado-de-ojos\/persona-notable-en-el-cuidado-ocular-adolf-fick#primaryimage","url":"https:\/\/www.lenstore.es\/cuidado-de-ojos\/wp-content\/uploads\/sites\/4\/2023\/08\/Adolf-Fick-Notable-figures-hero-image.jpg","contentUrl":"https:\/\/www.lenstore.es\/cuidado-de-ojos\/wp-content\/uploads\/sites\/4\/2023\/08\/Adolf-Fick-Notable-figures-hero-image.jpg","width":770,"height":480},{"@type":"BreadcrumbList","@id":"https:\/\/www.lenstore.es\/cuidado-de-ojos\/persona-notable-en-el-cuidado-ocular-adolf-fick#breadcrumb","itemListElement":[{"@type":"ListItem","position":1,"name":"Home","item":"https:\/\/www.lenstore.es\/cuidado-de-ojos"},{"@type":"ListItem","position":2,"name":"Persona notable en el cuidado ocular \u2013 Adolf Fick\u00a0\u00a0"}]},{"@type":"WebSite","@id":"https:\/\/www.lenstore.es\/cuidado-de-ojos\/#website","url":"https:\/\/www.lenstore.es\/cuidado-de-ojos\/","name":"Lenstore","description":"Gu\u00eda para lentillas | Salud | Estilo de vida","publisher":{"@id":"https:\/\/www.lenstore.es\/cuidado-de-ojos\/#organization"},"potentialAction":[{"@type":"SearchAction","target":{"@type":"EntryPoint","urlTemplate":"https:\/\/www.lenstore.es\/cuidado-de-ojos\/?s={search_term_string}"},"query-input":{"@type":"PropertyValueSpecification","valueRequired":true,"valueName":"search_term_string"}}],"inLanguage":"es"},{"@type":"Organization","@id":"https:\/\/www.lenstore.es\/#organization","name":"Lenstore","url":"https:\/\/www.lenstore.es\/","logo":"https:\/\/www.lenstore.es\/png\/lenstore-logo.png","image":"https:\/\/www.lenstore.es\/png\/lenstore-logo.png","companyRegistration":"51990","contactPoint":{"@type":"ContactPoint","contactType":"customer service","telephone":"936 061 001","email":"ayuda@lenstore.es"}},{"@type":"Person","@id":"https:\/\/www.lenstore.es\/cuidado-de-ojos\/#\/schema\/person\/4bc7287e4de0b0d0c4dbb2b6cf3a3a54","name":"Andrea Di Quattro","url":"https:\/\/www.lenstore.es\/cuidado-de-ojos\/author\/andreadiquattro"}]}},"jetpack_featured_media_url":"https:\/\/www.lenstore.es\/cuidado-de-ojos\/wp-content\/uploads\/sites\/4\/2023\/08\/Adolf-Fick-Notable-figures-hero-image.jpg","order_on_store":null,"_links":{"self":[{"href":"https:\/\/www.lenstore.es\/cuidado-de-ojos\/wp-json\/wp\/v2\/posts\/1180","targetHints":{"allow":["GET"]}}],"collection":[{"href":"https:\/\/www.lenstore.es\/cuidado-de-ojos\/wp-json\/wp\/v2\/posts"}],"about":[{"href":"https:\/\/www.lenstore.es\/cuidado-de-ojos\/wp-json\/wp\/v2\/types\/post"}],"author":[{"embeddable":true,"href":"https:\/\/www.lenstore.es\/cuidado-de-ojos\/wp-json\/wp\/v2\/users\/20"}],"replies":[{"embeddable":true,"href":"https:\/\/www.lenstore.es\/cuidado-de-ojos\/wp-json\/wp\/v2\/comments?post=1180"}],"version-history":[{"count":4,"href":"https:\/\/www.lenstore.es\/cuidado-de-ojos\/wp-json\/wp\/v2\/posts\/1180\/revisions"}],"predecessor-version":[{"id":1327,"href":"https:\/\/www.lenstore.es\/cuidado-de-ojos\/wp-json\/wp\/v2\/posts\/1180\/revisions\/1327"}],"wp:featuredmedia":[{"embeddable":true,"href":"https:\/\/www.lenstore.es\/cuidado-de-ojos\/wp-json\/wp\/v2\/media\/1181"}],"wp:attachment":[{"href":"https:\/\/www.lenstore.es\/cuidado-de-ojos\/wp-json\/wp\/v2\/media?parent=1180"}],"wp:term":[{"taxonomy":"category","embeddable":true,"href":"https:\/\/www.lenstore.es\/cuidado-de-ojos\/wp-json\/wp\/v2\/categories?post=1180"},{"taxonomy":"post_tag","embeddable":true,"href":"https:\/\/www.lenstore.es\/cuidado-de-ojos\/wp-json\/wp\/v2\/tags?post=1180"}],"curies":[{"name":"wp","href":"https:\/\/api.w.org\/{rel}","templated":true}]}}