{"id":724,"date":"2022-09-30T09:28:40","date_gmt":"2022-09-30T09:28:40","guid":{"rendered":"https:\/\/www.lenstore.es\/cuidado-de-ojos\/?p=724"},"modified":"2023-10-04T16:52:56","modified_gmt":"2023-10-04T14:52:56","slug":"que-es-la-degeneracion-macular","status":"publish","type":"post","link":"https:\/\/www.lenstore.es\/cuidado-de-ojos\/que-es-la-degeneracion-macular","title":{"rendered":"\u00bfQu\u00e9 es la degeneraci\u00f3n macular?"},"content":{"rendered":"\n<figure class=\"wp-block-image size-large\"><img loading=\"lazy\" decoding=\"async\" width=\"770\" height=\"480\" src=\"https:\/\/www.lenstore.es\/cuidado-de-ojos\/wp-content\/uploads\/sites\/4\/2022\/09\/Macular-Degeneration-viewpoint.jpg\" alt=\"\" class=\"wp-image-725\" srcset=\"https:\/\/www.lenstore.es\/cuidado-de-ojos\/wp-content\/uploads\/sites\/4\/2022\/09\/Macular-Degeneration-viewpoint.jpg 770w, https:\/\/www.lenstore.es\/cuidado-de-ojos\/wp-content\/uploads\/sites\/4\/2022\/09\/Macular-Degeneration-viewpoint-300x187.jpg 300w, https:\/\/www.lenstore.es\/cuidado-de-ojos\/wp-content\/uploads\/sites\/4\/2022\/09\/Macular-Degeneration-viewpoint-768x479.jpg 768w\" sizes=\"auto, (max-width: 770px) 100vw, 770px\" \/><\/figure>\n\n\n\n<p>La degeneraci\u00f3n macular es una de las principales causas de la p\u00e9rdida de visi\u00f3n en Espa\u00f1a. Seg\u00fan la Fundaci\u00f3n Macular de Barcelona, esta patolog\u00eda ocular afecta a m\u00e1s de 700.000 personas (1.5% de la poblaci\u00f3n espa\u00f1ola) y normalmente se da seg\u00fan nos hacemos mayores.<\/p>\n\n\n\n<figure class=\"wp-block-gallery has-nested-images columns-default is-cropped wp-block-gallery-1 is-layout-flex wp-block-gallery-is-layout-flex\">\n<figure class=\"wp-block-image size-large\"><img loading=\"lazy\" decoding=\"async\" width=\"968\" height=\"1024\" data-id=\"727\" src=\"https:\/\/www.lenstore.es\/cuidado-de-ojos\/wp-content\/uploads\/sites\/4\/2022\/09\/ES-macular-degeneration-diagram-968x1024.jpg\" alt=\"\" class=\"wp-image-727\" srcset=\"https:\/\/www.lenstore.es\/cuidado-de-ojos\/wp-content\/uploads\/sites\/4\/2022\/09\/ES-macular-degeneration-diagram-968x1024.jpg 968w, https:\/\/www.lenstore.es\/cuidado-de-ojos\/wp-content\/uploads\/sites\/4\/2022\/09\/ES-macular-degeneration-diagram-284x300.jpg 284w, https:\/\/www.lenstore.es\/cuidado-de-ojos\/wp-content\/uploads\/sites\/4\/2022\/09\/ES-macular-degeneration-diagram-768x813.jpg 768w, https:\/\/www.lenstore.es\/cuidado-de-ojos\/wp-content\/uploads\/sites\/4\/2022\/09\/ES-macular-degeneration-diagram.jpg 1000w\" sizes=\"auto, (max-width: 968px) 100vw, 968px\" \/><\/figure>\n<\/figure>\n\n\n\n<h2 class=\"wp-block-heading has-larger-font-size\">\u00bfQu\u00e9 es la degeneraci\u00f3n macular?&nbsp;&nbsp;<\/h2>\n\n\n\n<p>La degeneraci\u00f3n macular relacionada con la edad (AMD, por sus siglas en ingl\u00e9s) es una <a href=\"https:\/\/www.lenstore.co.uk\/eyecare\/common-eye-problems\" target=\"_blank\" rel=\"noreferrer noopener\">dolencia ocular<\/a> que deriva en la p\u00e9rdida de visi\u00f3n central con el paso del tiempo. La m\u00e1cula es una parte del ojo que contiene conos, c\u00e9lulas fotosensibles que detectan la luz y son responsables de la visi\u00f3n central. La degeneraci\u00f3n macular se produce cuando estas c\u00e9lulas empiezan a dejar de funcionar. Esto puede derivar en visi\u00f3n borrosa, percibir colores apagados y dificultad en reconocer caras.&nbsp;<\/p>\n\n\n\n<h2 class=\"wp-block-heading has-larger-font-size\">\u00bfQui\u00e9n tiene m\u00e1s probabilidades de padecer degeneraci\u00f3n macular?&nbsp;<\/h2>\n\n\n\n<p>Normalmente, es m\u00e1s probable que las mujeres padezcan de AMD, aunque no se sabe muy bien porqu\u00e9. Tambi\u00e9n se da m\u00e1s en personas mayores, y de hecho se estima que el 10% de los mayores de 65 padecen alg\u00fan tipo de AMD.&nbsp;<\/p>\n\n\n\n<h2 class=\"wp-block-heading has-larger-font-size\">S\u00edntomas de la degeneraci\u00f3n macular&nbsp;<\/h2>\n\n\n\n<p>Dependiendo del tipo de degeneraci\u00f3n macular, puede que los s\u00edntomas se vayan percibiendo bien de manera gradual, bien a lo largo de unos cuantos d\u00edas. Puede que notes cierta p\u00e9rdida de visi\u00f3n central, lo que dificultar\u00e1 la visi\u00f3n de objetos que est\u00e9n justo en frente de ti, pero podr\u00edas mantener una buena visi\u00f3n perif\u00e9rica. Puede que esto signifique que quien la padece termine teniendo&nbsp; un punto ciego permanente en su visi\u00f3n central.&nbsp;<\/p>\n\n\n\n<h2 class=\"wp-block-heading has-larger-font-size\">Degeneraci\u00f3n macular seca relacionada con la edad&nbsp;<\/h2>\n\n\n\n<p>La degeneraci\u00f3n macular seca relacionada con la edad (DAMD, por sus siglas en ingl\u00e9s), se da por la acumulaci\u00f3n de suciedad o prote\u00ednas grasas en los ojos llamadas drusas. Esto pasa por lo general cuando envejecemos, por lo tanto la DAMD es m\u00e1s com\u00fan en personas mayores. Aunque nuestra visi\u00f3n se deteriora gradualmente con el paso del tiempo, la DAMD deriva en degeneraci\u00f3n macular h\u00fameda relacionada con la edad en una de cada 10 personas.&nbsp;<\/p>\n\n\n\n<h2 class=\"wp-block-heading has-larger-font-size\">Degeneraci\u00f3n macular h\u00fameda relacionada con la edad&nbsp;<\/h2>\n\n\n\n<p>La degeneraci\u00f3n macular h\u00fameda relacionada con la edad (WAMD, por sus siglas en ingl\u00e9s) es una condici\u00f3n m\u00e1s grave que la DAMD y puede resultar en la p\u00e9rdida de visi\u00f3n en tan solo unos d\u00edas. Esta forma de degeneraci\u00f3n macular se da cuando crecen nuevas c\u00e9lulas de sangre en el ojo para compensar que la m\u00e1cula no est\u00e9 funcionando adecuadamente. Estas c\u00e9lulas pueden causar sangrado y formaci\u00f3n de cicatrices, da\u00f1ando la visi\u00f3n de manera severa.<\/p>\n\n\n\n<h2 class=\"wp-block-heading has-larger-font-size\">C\u00f3mo reducir el riesgo de padecer degeneraci\u00f3n macular relacionada con la edad&nbsp;<\/h2>\n\n\n\n<p><strong>1) Dejar de fumar<\/strong>:&nbsp;&nbsp;<\/p>\n\n\n\n<p>Fumar es uno de los principales causantes de la p\u00e9rdida de visi\u00f3n debido a la AMD porque acelera su progresi\u00f3n. Adem\u00e1s, fumar aumenta el nivel de oxidantes encontrados en el torrente sangu\u00edneo y los ojos, lo que hace que el tratamiento para la AMD sea menos efectivo.&nbsp;&nbsp;<\/p>\n\n\n\n<p><strong>2) Enfermedades cardiovasculares y mantener una presi\u00f3n arterial saludable&nbsp;<\/strong>&nbsp;<\/p>\n\n\n\n<p>Una presi\u00f3n arterial alta (hipertensi\u00f3n) promueve la degeneraci\u00f3n macular porque retiene la sangre en la capa vascular del ojo (la coroide). Esto puede hacer que el ojo no reciba todo el ox\u00edgeno que deber\u00eda, lo que aumenta a su vez el riesgo de desarrollar degeneraci\u00f3n macular h\u00fameda relacionada con la edad y p\u00e9rdida de visi\u00f3n central. La p\u00e9rdida de ox\u00edgeno acelera la progresi\u00f3n de la AMD. Aseg\u00farate de tomar correctamente los medicamentos que se te han recetado para cualquier problema cardiovascular o de presi\u00f3n alta y sigue las indicaciones de tu m\u00e9dico.[Text Wrapping Break]&nbsp;<\/p>\n\n\n\n<p><strong>3) Incrementar la cantidad de antioxidantes en tu dieta:<\/strong>&nbsp;<\/p>\n\n\n\n<p>Si sufres de degeneraci\u00f3n macular relacionada con la edad, la retina se vuelve sensible al estr\u00e9s oxidativo (un proceso por el que los radicales libres desestabilizan las mol\u00e9culas sanas ya que los electrones son reemplazados con ox\u00edgeno). La gente con AMD puede desarrollar estr\u00e9s oxidativo por todo el cuerpo. Con el tiempo, el estr\u00e9s puede reducir la capacidad del cuerpo de deshacerse de las c\u00e9lulas del ojo que se han da\u00f1ado.&nbsp;<\/p>\n\n\n\n<p>Los antioxidantes previenen o reducen el da\u00f1o causado por los radicales libres al suministrar electrones a estos, evitando de esta manera que las c\u00e9lulas sanas se da\u00f1en. Una dieta sana con frutas y verduras es rica en vitaminas antioxidantes que reducen el riesgo de desarrollar degeneraci\u00f3n macular. Algunas investigaciones del Instituto Nacional del Ojo sugieren que un suplemento con una mezcla espec\u00edfica de antioxidantes y minerales puede ralentizar o parar la progresi\u00f3n de una AMD temprana o intermedia si se consume a diario.&nbsp;&nbsp;<\/p>\n\n\n\n<p><strong>4) Reducir el consumo de carbohidratos:<\/strong> consumir menos carbohidratos simples puede ralentizar o incluso parar la progresi\u00f3n de la ADM. Consumir carbohidratos m\u00e1s complejos es una de las maneras m\u00e1s simples de reducir el riesgo de AMD.&nbsp;<\/p>\n\n\n\n<p>Los carbohidratos buenos que pueden complementar tu dieta:&nbsp;<\/p>\n\n\n\n<ul class=\"wp-block-list\">\n<li>Cereales integrales&nbsp;<\/li>\n\n\n\n<li>Alimentos ricos en fibra como frutas y verduras&nbsp;<\/li>\n\n\n\n<li>Alubias y legumbres&nbsp;<\/li>\n<\/ul>\n\n\n\n<p>Carbohidratos simples a evitar:&nbsp;<\/p>\n\n\n\n<ul class=\"wp-block-list\">\n<li>Az\u00facar procesado&nbsp;<\/li>\n\n\n\n<li>Bebidas gaseosas o azucaradas&nbsp;<\/li>\n\n\n\n<li>Zumo de fruta&nbsp;<\/li>\n\n\n\n<li>Bolleria&nbsp;<\/li>\n<\/ul>\n\n\n\n<ul class=\"wp-block-list\">\n<li>Pan blanco&nbsp;<\/li>\n\n\n\n<li>Helado&nbsp;<\/li>\n\n\n\n<li>Dulces&nbsp;<\/li>\n\n\n\n<li>Tartas, galletas y cereales[Text Wrapping Break]&nbsp;<\/li>\n<\/ul>\n\n\n\n<p><strong>5) Incluir \u00e1cidos grasos Omega-3 en tu dieta:<\/strong>&nbsp;<\/p>\n\n\n\n<p>Los \u00e1cidos grasos Omega-3 saludables pueden reducir el riesgo de desarrollar degeneraci\u00f3n macular. Estos se pueden encontrar en pescados como el salm\u00f3n, el at\u00fan, la caballa, el arenque, el bacalao y las sardinas. Los frutos secos como las nueces y las semillas como las de lino, c\u00e1\u00f1amo o ch\u00eda tambi\u00e9n son ricas en Omega-3.&nbsp;<\/p>\n\n\n\n<p><strong>6) Mantener un peso sano y hacer ejercicio regularmente:<\/strong>&nbsp;<\/p>\n\n\n\n<p>Reducir el n\u00famero de calor\u00edas que ingerimos es ideal para perder peso pero tambi\u00e9n lo es aumentar el ejercicio que hacemos cada d\u00eda. [Text Wrapping Break]&nbsp;<\/p>\n\n\n\n<p><strong>7) Usar protecci\u00f3n ocular &#8211; gafas de sol<\/strong>:&nbsp;&nbsp;<\/p>\n\n\n\n<p>La exposici\u00f3n continua a los rayos UVA del sol puede causar da\u00f1os en la retina, acelerar la progresi\u00f3n de la AMD y contribuir a la formaci\u00f3n de cataratas. Usar gafas de sol puede ayudar a reducir ese riesgo. Para asegurarte de que de usar protecci\u00f3n m\u00e1xima contra los rayos UVA, tus gafas de sol deben tener una clasificaci\u00f3n UVA 400. Las gafas de sol con una clasificaci\u00f3n UVA de 400 reducen la exposici\u00f3n a estos rayos da\u00f1inos alrededor de un 99%.&nbsp;<\/p>\n\n\n\n<p><strong>8) Controles oculares regulares:<\/strong>&nbsp;&nbsp;<\/p>\n\n\n\n<p>En la medida en la que nos hacemos mayores, los controles oculares regulares deber\u00edan convertirse en parte de una rutina saludable de cuidado ocular. Tener ex\u00e1menes oculares regulares pueden ayudar a identificar cualquier s\u00edntoma temprano de degeneraci\u00f3n macular y ayudarte a estar alerta a cualquier deterioro de tu visi\u00f3n si es que desarrollases AMD.&nbsp;<\/p>\n\n\n\n<h2 class=\"wp-block-heading\">\u00bfQu\u00e9 hay de la degeneraci\u00f3n macular en gente m\u00e1s joven?&nbsp;<\/h2>\n\n\n\n<p>Si tienes menos de 50 y est\u00e1s desarrollando s\u00edntomas de degeneraci\u00f3n macular, es probable que la causa de esta sea un trastorno gen\u00e9tico. Algunas formas de degeneraci\u00f3n macular que se han detectado en personas m\u00e1s j\u00f3venes son la <a href=\"https:\/\/www.macula-retina.es\/la-enfermedad-de-best-una-rara-degeneracion-de-la-retina\/\" target=\"_blank\" rel=\"noreferrer noopener\">enfermedad de Best<\/a>, la <a href=\"https:\/\/barcelonamaculafound.org\/es\/la-enfermedad-de-stargardt-afecta-a-personas-jovenes-que-han-de-enfrentarse-a-una-nueva-forma-de-vivir\/\" target=\"_blank\" rel=\"noreferrer noopener\">enfermedad de Stargardt <\/a>y la <a href=\"https:\/\/areaoftalmologica.com\/retina\/degeneracion-macular\/miopica\/#:~:text=La%20degeneraci%C3%B3n%20macular%20mi%C3%B3pica%20es,p%C3%A9rdida%20de%20la%20agudeza%20visual\" target=\"_blank\" rel=\"noreferrer noopener\">degeneraci\u00f3n macular<\/a>.&nbsp;&nbsp;<\/p>\n\n\n\n<h2 class=\"wp-block-heading\">C\u00f3mo lidiar con la AMD&nbsp;<\/h2>\n\n\n\n<p>La p\u00e9rdida de visi\u00f3n puede resultar algo muy preocupante. Puede que desees buscar ayuda, consejo o apoyo de fundaciones durante estos momentos tan dif\u00edciles. Aunque puede que te sientas solo si padeces esta patolog\u00eda, no es una dolencia rara y tienes muchas opciones a tu alcance. Los servicios sociales en tu \u00e1rea pueden guiarte con cualquier tema sobre movilidad y hay muchas maneras de sacarle el m\u00e1ximo partido a la visi\u00f3n que te queda.&nbsp;<\/p>\n\n\n\n<p>Lenstore es una de las principales tiendas online de lentillas en Espa\u00f1a. Ofrecemos las marcas de lentillas m\u00e1s conocidas a precios mucho m\u00e1s reducidos que los de las tiendas f\u00edsicas. Si quieres echarle un vistazo a nuestra <a href=\"https:\/\/www.lenstore.es\/\" target=\"_blank\" rel=\"noreferrer noopener\">gama de lentillas<\/a>, haz clic aqu\u00ed para encontrar las que mejor se ajusten a tus necesidades.&nbsp;<\/p>\n","protected":false},"excerpt":{"rendered":"<p>La degeneraci\u00f3n macular es una de las principales causas de la p\u00e9rdida de visi\u00f3n en [&hellip;]<\/p>\n","protected":false},"author":20,"featured_media":725,"comment_status":"closed","ping_status":"closed","sticky":false,"template":"","format":"standard","meta":{"footnotes":""},"categories":[5],"tags":[],"class_list":["post-724","post","type-post","status-publish","format-standard","has-post-thumbnail","hentry","category-enfermedades"],"yoast_head":"<!-- This site is optimized with the Yoast SEO plugin v27.0 - https:\/\/yoast.com\/product\/yoast-seo-wordpress\/ -->\n<title>\u00bfQu\u00e9 es la degeneraci\u00f3n macular? - Lenstore<\/title>\n<meta name=\"description\" content=\"La degeneraci\u00f3n macular es una de las principales causas de la p\u00e9rdida de visi\u00f3n en Espa\u00f1a y afecta a m\u00e1s de 700.000 personas en el mundo\" \/>\n<meta name=\"robots\" content=\"index, follow, max-snippet:-1, max-image-preview:large, max-video-preview:-1\" \/>\n<link rel=\"canonical\" href=\"https:\/\/www.lenstore.es\/cuidado-de-ojos\/que-es-la-degeneracion-macular\" \/>\n<meta property=\"og:locale\" content=\"es_ES\" \/>\n<meta property=\"og:type\" content=\"article\" \/>\n<meta property=\"og:title\" content=\"\u00bfQu\u00e9 es la degeneraci\u00f3n macular? - Lenstore\" \/>\n<meta property=\"og:description\" content=\"La degeneraci\u00f3n macular es una de las principales causas de la p\u00e9rdida de visi\u00f3n en Espa\u00f1a y afecta a m\u00e1s de 700.000 personas en el mundo\" \/>\n<meta property=\"og:url\" content=\"https:\/\/www.lenstore.es\/cuidado-de-ojos\/que-es-la-degeneracion-macular\" \/>\n<meta property=\"og:site_name\" content=\"Lenstore\" \/>\n<meta property=\"article:published_time\" content=\"2022-09-30T09:28:40+00:00\" \/>\n<meta property=\"article:modified_time\" content=\"2023-10-04T14:52:56+00:00\" \/>\n<meta property=\"og:image\" content=\"https:\/\/www.lenstore.es\/cuidado-de-ojos\/wp-content\/uploads\/sites\/4\/2022\/09\/Macular-Degeneration-viewpoint.jpg\" \/>\n\t<meta property=\"og:image:width\" content=\"770\" \/>\n\t<meta property=\"og:image:height\" content=\"480\" \/>\n\t<meta property=\"og:image:type\" content=\"image\/jpeg\" \/>\n<meta name=\"author\" content=\"Andrea Di Quattro\" \/>\n<meta name=\"twitter:card\" content=\"summary_large_image\" \/>\n<meta name=\"twitter:label1\" content=\"Escrito por\" \/>\n\t<meta name=\"twitter:data1\" content=\"Andrea Di Quattro\" \/>\n\t<meta name=\"twitter:label2\" content=\"Tiempo de lectura\" \/>\n\t<meta name=\"twitter:data2\" content=\"7 minutos\" \/>\n<script type=\"application\/ld+json\" class=\"yoast-schema-graph\">{\"@context\":\"https:\/\/schema.org\",\"@graph\":[{\"@type\":\"Article\",\"@id\":\"https:\/\/www.lenstore.es\/cuidado-de-ojos\/que-es-la-degeneracion-macular#article\",\"isPartOf\":{\"@id\":\"https:\/\/www.lenstore.es\/cuidado-de-ojos\/que-es-la-degeneracion-macular\"},\"author\":{\"name\":\"Andrea Di Quattro\",\"@id\":\"https:\/\/www.lenstore.es\/cuidado-de-ojos\/#\/schema\/person\/4bc7287e4de0b0d0c4dbb2b6cf3a3a54\"},\"headline\":\"\u00bfQu\u00e9 es la degeneraci\u00f3n macular?\",\"datePublished\":\"2022-09-30T09:28:40+00:00\",\"dateModified\":\"2023-10-04T14:52:56+00:00\",\"mainEntityOfPage\":{\"@id\":\"https:\/\/www.lenstore.es\/cuidado-de-ojos\/que-es-la-degeneracion-macular\"},\"wordCount\":1467,\"publisher\":{\"@id\":\"https:\/\/www.lenstore.es\/cuidado-de-ojos\/#organization\"},\"image\":{\"@id\":\"https:\/\/www.lenstore.es\/cuidado-de-ojos\/que-es-la-degeneracion-macular#primaryimage\"},\"thumbnailUrl\":\"https:\/\/www.lenstore.es\/cuidado-de-ojos\/wp-content\/uploads\/sites\/4\/2022\/09\/Macular-Degeneration-viewpoint.jpg\",\"articleSection\":[\"Enfermedades y afecciones de los ojos\"],\"inLanguage\":\"es\"},{\"@type\":\"WebPage\",\"@id\":\"https:\/\/www.lenstore.es\/cuidado-de-ojos\/que-es-la-degeneracion-macular\",\"url\":\"https:\/\/www.lenstore.es\/cuidado-de-ojos\/que-es-la-degeneracion-macular\",\"name\":\"\u00bfQu\u00e9 es la degeneraci\u00f3n macular? - Lenstore\",\"isPartOf\":{\"@id\":\"https:\/\/www.lenstore.es\/cuidado-de-ojos\/#website\"},\"primaryImageOfPage\":{\"@id\":\"https:\/\/www.lenstore.es\/cuidado-de-ojos\/que-es-la-degeneracion-macular#primaryimage\"},\"image\":{\"@id\":\"https:\/\/www.lenstore.es\/cuidado-de-ojos\/que-es-la-degeneracion-macular#primaryimage\"},\"thumbnailUrl\":\"https:\/\/www.lenstore.es\/cuidado-de-ojos\/wp-content\/uploads\/sites\/4\/2022\/09\/Macular-Degeneration-viewpoint.jpg\",\"datePublished\":\"2022-09-30T09:28:40+00:00\",\"dateModified\":\"2023-10-04T14:52:56+00:00\",\"description\":\"La degeneraci\u00f3n macular es una de las principales causas de la p\u00e9rdida de visi\u00f3n en Espa\u00f1a y afecta a m\u00e1s de 700.000 personas en el mundo\",\"breadcrumb\":{\"@id\":\"https:\/\/www.lenstore.es\/cuidado-de-ojos\/que-es-la-degeneracion-macular#breadcrumb\"},\"inLanguage\":\"es\",\"potentialAction\":[{\"@type\":\"ReadAction\",\"target\":[\"https:\/\/www.lenstore.es\/cuidado-de-ojos\/que-es-la-degeneracion-macular\"]}]},{\"@type\":\"ImageObject\",\"inLanguage\":\"es\",\"@id\":\"https:\/\/www.lenstore.es\/cuidado-de-ojos\/que-es-la-degeneracion-macular#primaryimage\",\"url\":\"https:\/\/www.lenstore.es\/cuidado-de-ojos\/wp-content\/uploads\/sites\/4\/2022\/09\/Macular-Degeneration-viewpoint.jpg\",\"contentUrl\":\"https:\/\/www.lenstore.es\/cuidado-de-ojos\/wp-content\/uploads\/sites\/4\/2022\/09\/Macular-Degeneration-viewpoint.jpg\",\"width\":770,\"height\":480},{\"@type\":\"BreadcrumbList\",\"@id\":\"https:\/\/www.lenstore.es\/cuidado-de-ojos\/que-es-la-degeneracion-macular#breadcrumb\",\"itemListElement\":[{\"@type\":\"ListItem\",\"position\":1,\"name\":\"Home\",\"item\":\"https:\/\/www.lenstore.es\/cuidado-de-ojos\"},{\"@type\":\"ListItem\",\"position\":2,\"name\":\"\u00bfQu\u00e9 es la degeneraci\u00f3n macular?\"}]},{\"@type\":\"WebSite\",\"@id\":\"https:\/\/www.lenstore.es\/cuidado-de-ojos\/#website\",\"url\":\"https:\/\/www.lenstore.es\/cuidado-de-ojos\/\",\"name\":\"Lenstore\",\"description\":\"Gu\u00eda para lentillas | Salud | Estilo de vida\",\"publisher\":{\"@id\":\"https:\/\/www.lenstore.es\/cuidado-de-ojos\/#organization\"},\"potentialAction\":[{\"@type\":\"SearchAction\",\"target\":{\"@type\":\"EntryPoint\",\"urlTemplate\":\"https:\/\/www.lenstore.es\/cuidado-de-ojos\/?s={search_term_string}\"},\"query-input\":{\"@type\":\"PropertyValueSpecification\",\"valueRequired\":true,\"valueName\":\"search_term_string\"}}],\"inLanguage\":\"es\"},{\"@type\":\"Organization\",\"@id\":\"https:\/\/www.lenstore.es\/#organization\",\"name\":\"Lenstore\",\"url\":\"https:\/\/www.lenstore.es\/\",\"logo\":\"https:\/\/www.lenstore.es\/png\/lenstore-logo.png\",\"image\":\"https:\/\/www.lenstore.es\/png\/lenstore-logo.png\",\"companyRegistration\":\"51990\",\"contactPoint\":{\"@type\":\"ContactPoint\",\"contactType\":\"customer service\",\"telephone\":\"936 061 001\",\"email\":\"ayuda@lenstore.es\"}},{\"@type\":\"Person\",\"@id\":\"https:\/\/www.lenstore.es\/cuidado-de-ojos\/#\/schema\/person\/4bc7287e4de0b0d0c4dbb2b6cf3a3a54\",\"name\":\"Andrea Di Quattro\",\"url\":\"https:\/\/www.lenstore.es\/cuidado-de-ojos\/author\/andreadiquattro\"}]}<\/script>\n<!-- \/ Yoast SEO plugin. -->","yoast_head_json":{"title":"\u00bfQu\u00e9 es la degeneraci\u00f3n macular? - Lenstore","description":"La degeneraci\u00f3n macular es una de las principales causas de la p\u00e9rdida de visi\u00f3n en Espa\u00f1a y afecta a m\u00e1s de 700.000 personas en el mundo","robots":{"index":"index","follow":"follow","max-snippet":"max-snippet:-1","max-image-preview":"max-image-preview:large","max-video-preview":"max-video-preview:-1"},"canonical":"https:\/\/www.lenstore.es\/cuidado-de-ojos\/que-es-la-degeneracion-macular","og_locale":"es_ES","og_type":"article","og_title":"\u00bfQu\u00e9 es la degeneraci\u00f3n macular? - Lenstore","og_description":"La degeneraci\u00f3n macular es una de las principales causas de la p\u00e9rdida de visi\u00f3n en Espa\u00f1a y afecta a m\u00e1s de 700.000 personas en el mundo","og_url":"https:\/\/www.lenstore.es\/cuidado-de-ojos\/que-es-la-degeneracion-macular","og_site_name":"Lenstore","article_published_time":"2022-09-30T09:28:40+00:00","article_modified_time":"2023-10-04T14:52:56+00:00","og_image":[{"width":770,"height":480,"url":"https:\/\/www.lenstore.es\/cuidado-de-ojos\/wp-content\/uploads\/sites\/4\/2022\/09\/Macular-Degeneration-viewpoint.jpg","type":"image\/jpeg"}],"author":"Andrea Di Quattro","twitter_card":"summary_large_image","twitter_misc":{"Escrito por":"Andrea Di Quattro","Tiempo de lectura":"7 minutos"},"schema":{"@context":"https:\/\/schema.org","@graph":[{"@type":"Article","@id":"https:\/\/www.lenstore.es\/cuidado-de-ojos\/que-es-la-degeneracion-macular#article","isPartOf":{"@id":"https:\/\/www.lenstore.es\/cuidado-de-ojos\/que-es-la-degeneracion-macular"},"author":{"name":"Andrea Di Quattro","@id":"https:\/\/www.lenstore.es\/cuidado-de-ojos\/#\/schema\/person\/4bc7287e4de0b0d0c4dbb2b6cf3a3a54"},"headline":"\u00bfQu\u00e9 es la degeneraci\u00f3n macular?","datePublished":"2022-09-30T09:28:40+00:00","dateModified":"2023-10-04T14:52:56+00:00","mainEntityOfPage":{"@id":"https:\/\/www.lenstore.es\/cuidado-de-ojos\/que-es-la-degeneracion-macular"},"wordCount":1467,"publisher":{"@id":"https:\/\/www.lenstore.es\/cuidado-de-ojos\/#organization"},"image":{"@id":"https:\/\/www.lenstore.es\/cuidado-de-ojos\/que-es-la-degeneracion-macular#primaryimage"},"thumbnailUrl":"https:\/\/www.lenstore.es\/cuidado-de-ojos\/wp-content\/uploads\/sites\/4\/2022\/09\/Macular-Degeneration-viewpoint.jpg","articleSection":["Enfermedades y afecciones de los ojos"],"inLanguage":"es"},{"@type":"WebPage","@id":"https:\/\/www.lenstore.es\/cuidado-de-ojos\/que-es-la-degeneracion-macular","url":"https:\/\/www.lenstore.es\/cuidado-de-ojos\/que-es-la-degeneracion-macular","name":"\u00bfQu\u00e9 es la degeneraci\u00f3n macular? - Lenstore","isPartOf":{"@id":"https:\/\/www.lenstore.es\/cuidado-de-ojos\/#website"},"primaryImageOfPage":{"@id":"https:\/\/www.lenstore.es\/cuidado-de-ojos\/que-es-la-degeneracion-macular#primaryimage"},"image":{"@id":"https:\/\/www.lenstore.es\/cuidado-de-ojos\/que-es-la-degeneracion-macular#primaryimage"},"thumbnailUrl":"https:\/\/www.lenstore.es\/cuidado-de-ojos\/wp-content\/uploads\/sites\/4\/2022\/09\/Macular-Degeneration-viewpoint.jpg","datePublished":"2022-09-30T09:28:40+00:00","dateModified":"2023-10-04T14:52:56+00:00","description":"La degeneraci\u00f3n macular es una de las principales causas de la p\u00e9rdida de visi\u00f3n en Espa\u00f1a y afecta a m\u00e1s de 700.000 personas en el mundo","breadcrumb":{"@id":"https:\/\/www.lenstore.es\/cuidado-de-ojos\/que-es-la-degeneracion-macular#breadcrumb"},"inLanguage":"es","potentialAction":[{"@type":"ReadAction","target":["https:\/\/www.lenstore.es\/cuidado-de-ojos\/que-es-la-degeneracion-macular"]}]},{"@type":"ImageObject","inLanguage":"es","@id":"https:\/\/www.lenstore.es\/cuidado-de-ojos\/que-es-la-degeneracion-macular#primaryimage","url":"https:\/\/www.lenstore.es\/cuidado-de-ojos\/wp-content\/uploads\/sites\/4\/2022\/09\/Macular-Degeneration-viewpoint.jpg","contentUrl":"https:\/\/www.lenstore.es\/cuidado-de-ojos\/wp-content\/uploads\/sites\/4\/2022\/09\/Macular-Degeneration-viewpoint.jpg","width":770,"height":480},{"@type":"BreadcrumbList","@id":"https:\/\/www.lenstore.es\/cuidado-de-ojos\/que-es-la-degeneracion-macular#breadcrumb","itemListElement":[{"@type":"ListItem","position":1,"name":"Home","item":"https:\/\/www.lenstore.es\/cuidado-de-ojos"},{"@type":"ListItem","position":2,"name":"\u00bfQu\u00e9 es la degeneraci\u00f3n macular?"}]},{"@type":"WebSite","@id":"https:\/\/www.lenstore.es\/cuidado-de-ojos\/#website","url":"https:\/\/www.lenstore.es\/cuidado-de-ojos\/","name":"Lenstore","description":"Gu\u00eda para lentillas | Salud | Estilo de vida","publisher":{"@id":"https:\/\/www.lenstore.es\/cuidado-de-ojos\/#organization"},"potentialAction":[{"@type":"SearchAction","target":{"@type":"EntryPoint","urlTemplate":"https:\/\/www.lenstore.es\/cuidado-de-ojos\/?s={search_term_string}"},"query-input":{"@type":"PropertyValueSpecification","valueRequired":true,"valueName":"search_term_string"}}],"inLanguage":"es"},{"@type":"Organization","@id":"https:\/\/www.lenstore.es\/#organization","name":"Lenstore","url":"https:\/\/www.lenstore.es\/","logo":"https:\/\/www.lenstore.es\/png\/lenstore-logo.png","image":"https:\/\/www.lenstore.es\/png\/lenstore-logo.png","companyRegistration":"51990","contactPoint":{"@type":"ContactPoint","contactType":"customer service","telephone":"936 061 001","email":"ayuda@lenstore.es"}},{"@type":"Person","@id":"https:\/\/www.lenstore.es\/cuidado-de-ojos\/#\/schema\/person\/4bc7287e4de0b0d0c4dbb2b6cf3a3a54","name":"Andrea Di Quattro","url":"https:\/\/www.lenstore.es\/cuidado-de-ojos\/author\/andreadiquattro"}]}},"jetpack_featured_media_url":"https:\/\/www.lenstore.es\/cuidado-de-ojos\/wp-content\/uploads\/sites\/4\/2022\/09\/Macular-Degeneration-viewpoint.jpg","order_on_store":null,"_links":{"self":[{"href":"https:\/\/www.lenstore.es\/cuidado-de-ojos\/wp-json\/wp\/v2\/posts\/724","targetHints":{"allow":["GET"]}}],"collection":[{"href":"https:\/\/www.lenstore.es\/cuidado-de-ojos\/wp-json\/wp\/v2\/posts"}],"about":[{"href":"https:\/\/www.lenstore.es\/cuidado-de-ojos\/wp-json\/wp\/v2\/types\/post"}],"author":[{"embeddable":true,"href":"https:\/\/www.lenstore.es\/cuidado-de-ojos\/wp-json\/wp\/v2\/users\/20"}],"replies":[{"embeddable":true,"href":"https:\/\/www.lenstore.es\/cuidado-de-ojos\/wp-json\/wp\/v2\/comments?post=724"}],"version-history":[{"count":5,"href":"https:\/\/www.lenstore.es\/cuidado-de-ojos\/wp-json\/wp\/v2\/posts\/724\/revisions"}],"predecessor-version":[{"id":1232,"href":"https:\/\/www.lenstore.es\/cuidado-de-ojos\/wp-json\/wp\/v2\/posts\/724\/revisions\/1232"}],"wp:featuredmedia":[{"embeddable":true,"href":"https:\/\/www.lenstore.es\/cuidado-de-ojos\/wp-json\/wp\/v2\/media\/725"}],"wp:attachment":[{"href":"https:\/\/www.lenstore.es\/cuidado-de-ojos\/wp-json\/wp\/v2\/media?parent=724"}],"wp:term":[{"taxonomy":"category","embeddable":true,"href":"https:\/\/www.lenstore.es\/cuidado-de-ojos\/wp-json\/wp\/v2\/categories?post=724"},{"taxonomy":"post_tag","embeddable":true,"href":"https:\/\/www.lenstore.es\/cuidado-de-ojos\/wp-json\/wp\/v2\/tags?post=724"}],"curies":[{"name":"wp","href":"https:\/\/api.w.org\/{rel}","templated":true}]}}